{"id":1068,"date":"2018-03-12T11:25:02","date_gmt":"2018-03-12T10:25:02","guid":{"rendered":"http:\/\/lofta-caffe.com\/?p=1068"},"modified":"2018-03-12T11:31:45","modified_gmt":"2018-03-12T10:31:45","slug":"johan-sandell","status":"publish","type":"post","link":"https:\/\/lofta-caffe.com\/de\/johan-sandell\/","title":{"rendered":"Johan Sandell"},"content":{"rendered":"<p>Unsere 10. Saison beginnt mit einer Aquarellausstellung von Johan Sandell.<br \/>\nDie Ausstellung beginnt am 23. M\u00e4rz und dauert bis zum 15. April und ist<br \/>\nFreitags bis Sonntags zwischen 11.00 und 16.00 ge\u00f6ffnet.<br \/>\n\u00d6ffnungszeiten \u00fcber Ostern: Gr\u00fcndonnerstag bis Ostermontag.<br \/>\nWillkommen!!!<br \/>\n<a href=\"http:\/\/lofta-caffe.com\/wp-content\/uploads\/2018\/03\/IMG_20170923_104017_683.jpg\"><img loading=\"lazy\" decoding=\"async\" class=\"alignleft size-medium wp-image-1069\" src=\"http:\/\/lofta-caffe.com\/wp-content\/uploads\/2018\/03\/IMG_20170923_104017_683-300x300.jpg\" alt=\"IMG_20170923_104017_683\" width=\"300\" height=\"300\" srcset=\"https:\/\/lofta-caffe.com\/wp-content\/uploads\/2018\/03\/IMG_20170923_104017_683-300x300.jpg 300w, https:\/\/lofta-caffe.com\/wp-content\/uploads\/2018\/03\/IMG_20170923_104017_683-150x150.jpg 150w, https:\/\/lofta-caffe.com\/wp-content\/uploads\/2018\/03\/IMG_20170923_104017_683-1024x1024.jpg 1024w\" sizes=\"auto, (max-width: 300px) 100vw, 300px\" \/><\/a><\/p>","protected":false},"excerpt":{"rendered":"<p>Unsere 10. Saison beginnt mit einer Aquarellausstellung von Johan Sandell. Die Ausstellung beginnt am 23. M\u00e4rz und dauert bis zum 15. April und ist Freitags bis Sonntags zwischen 11.00 und 16.00 ge\u00f6ffnet. \u00d6ffnungszeiten \u00fcber Ostern: Gr\u00fcndonnerstag bis Ostermontag. Willkommen!!!<\/p>\n","protected":false},"author":1,"featured_media":0,"comment_status":"closed","ping_status":"open","sticky":false,"template":"","format":"standard","meta":{"ngg_post_thumbnail":0,"footnotes":""},"categories":[1],"tags":[],"class_list":["post-1068","post","type-post","status-publish","format-standard","hentry","category-uncategorized"],"_links":{"self":[{"href":"https:\/\/lofta-caffe.com\/de\/wp-json\/wp\/v2\/posts\/1068","targetHints":{"allow":["GET"]}}],"collection":[{"href":"https:\/\/lofta-caffe.com\/de\/wp-json\/wp\/v2\/posts"}],"about":[{"href":"https:\/\/lofta-caffe.com\/de\/wp-json\/wp\/v2\/types\/post"}],"author":[{"embeddable":true,"href":"https:\/\/lofta-caffe.com\/de\/wp-json\/wp\/v2\/users\/1"}],"replies":[{"embeddable":true,"href":"https:\/\/lofta-caffe.com\/de\/wp-json\/wp\/v2\/comments?post=1068"}],"version-history":[{"count":2,"href":"https:\/\/lofta-caffe.com\/de\/wp-json\/wp\/v2\/posts\/1068\/revisions"}],"predecessor-version":[{"id":1071,"href":"https:\/\/lofta-caffe.com\/de\/wp-json\/wp\/v2\/posts\/1068\/revisions\/1071"}],"wp:attachment":[{"href":"https:\/\/lofta-caffe.com\/de\/wp-json\/wp\/v2\/media?parent=1068"}],"wp:term":[{"taxonomy":"category","embeddable":true,"href":"https:\/\/lofta-caffe.com\/de\/wp-json\/wp\/v2\/categories?post=1068"},{"taxonomy":"post_tag","embeddable":true,"href":"https:\/\/lofta-caffe.com\/de\/wp-json\/wp\/v2\/tags?post=1068"}],"curies":[{"name":"wp","href":"https:\/\/api.w.org\/{rel}","templated":true}]}}