{"id":1156,"date":"2018-07-10T07:21:35","date_gmt":"2018-07-10T06:21:35","guid":{"rendered":"http:\/\/lofta-caffe.com\/?p=1156"},"modified":"2018-07-10T07:31:47","modified_gmt":"2018-07-10T06:31:47","slug":"ann-sofie-asklund-erbenius-och-marianne-herder","status":"publish","type":"post","link":"https:\/\/lofta-caffe.com\/de\/ann-sofie-asklund-erbenius-och-marianne-herder\/","title":{"rendered":"Ann-Sofie Asklund Erbenius und Marianne Herder"},"content":{"rendered":"<p>Nu \u00e4r en ny m\u00e5leriutst\u00e4llning p\u00e5 plats.<br \/>\nAnn-Sofie Asklund Erbenius och Marianne Herder visar sina verk h\u00e4r i Lofta Caff\u00e8.<br \/>\nUtst\u00e4llningen p\u00e5g\u00e5r tom 26 juli och \u00e4r \u00f6ppet alla dagar mellan kl 11.00 &#8211; 18.00<br \/>\nV\u00e4lkommen!!!<br \/>\n<a href=\"http:\/\/lofta-caffe.com\/wp-content\/uploads\/2018\/07\/ann-sofie-2.jpg\"><img loading=\"lazy\" decoding=\"async\" class=\"alignleft size-medium wp-image-1157\" src=\"http:\/\/lofta-caffe.com\/wp-content\/uploads\/2018\/07\/ann-sofie-2-240x300.jpg\" alt=\"ann sofie 2\" width=\"240\" height=\"300\" srcset=\"https:\/\/lofta-caffe.com\/wp-content\/uploads\/2018\/07\/ann-sofie-2-240x300.jpg 240w, https:\/\/lofta-caffe.com\/wp-content\/uploads\/2018\/07\/ann-sofie-2-819x1024.jpg 819w, https:\/\/lofta-caffe.com\/wp-content\/uploads\/2018\/07\/ann-sofie-2.jpg 1011w\" sizes=\"auto, (max-width: 240px) 100vw, 240px\" \/><\/a> <a href=\"http:\/\/lofta-caffe.com\/wp-content\/uploads\/2018\/07\/marianne-3.jpg\"><img loading=\"lazy\" decoding=\"async\" class=\"alignleft size-medium wp-image-1158\" src=\"http:\/\/lofta-caffe.com\/wp-content\/uploads\/2018\/07\/marianne-3-300x206.jpg\" alt=\"marianne 3\" width=\"300\" height=\"206\" srcset=\"https:\/\/lofta-caffe.com\/wp-content\/uploads\/2018\/07\/marianne-3-300x206.jpg 300w, https:\/\/lofta-caffe.com\/wp-content\/uploads\/2018\/07\/marianne-3-1024x702.jpg 1024w, https:\/\/lofta-caffe.com\/wp-content\/uploads\/2018\/07\/marianne-3-438x300.jpg 438w, https:\/\/lofta-caffe.com\/wp-content\/uploads\/2018\/07\/marianne-3.jpg 1030w\" sizes=\"auto, (max-width: 300px) 100vw, 300px\" \/><\/a><\/p>\n","protected":false},"excerpt":{"rendered":"<p>Nu \u00e4r en ny m\u00e5leriutst\u00e4llning p\u00e5 plats. Ann-Sofie Asklund Erbenius och Marianne Herder visar sina verk h\u00e4r i Lofta Caff\u00e8. Utst\u00e4llningen p\u00e5g\u00e5r tom 26 juli och \u00e4r \u00f6ppet alla dagar mellan kl 11.00 &#8211; 18.00 V\u00e4lkommen!!!<\/p>\n","protected":false},"author":1,"featured_media":0,"comment_status":"closed","ping_status":"open","sticky":false,"template":"","format":"standard","meta":{"ngg_post_thumbnail":0,"footnotes":""},"categories":[1],"tags":[],"class_list":["post-1156","post","type-post","status-publish","format-standard","hentry","category-uncategorized"],"_links":{"self":[{"href":"https:\/\/lofta-caffe.com\/de\/wp-json\/wp\/v2\/posts\/1156","targetHints":{"allow":["GET"]}}],"collection":[{"href":"https:\/\/lofta-caffe.com\/de\/wp-json\/wp\/v2\/posts"}],"about":[{"href":"https:\/\/lofta-caffe.com\/de\/wp-json\/wp\/v2\/types\/post"}],"author":[{"embeddable":true,"href":"https:\/\/lofta-caffe.com\/de\/wp-json\/wp\/v2\/users\/1"}],"replies":[{"embeddable":true,"href":"https:\/\/lofta-caffe.com\/de\/wp-json\/wp\/v2\/comments?post=1156"}],"version-history":[{"count":4,"href":"https:\/\/lofta-caffe.com\/de\/wp-json\/wp\/v2\/posts\/1156\/revisions"}],"predecessor-version":[{"id":1172,"href":"https:\/\/lofta-caffe.com\/de\/wp-json\/wp\/v2\/posts\/1156\/revisions\/1172"}],"wp:attachment":[{"href":"https:\/\/lofta-caffe.com\/de\/wp-json\/wp\/v2\/media?parent=1156"}],"wp:term":[{"taxonomy":"category","embeddable":true,"href":"https:\/\/lofta-caffe.com\/de\/wp-json\/wp\/v2\/categories?post=1156"},{"taxonomy":"post_tag","embeddable":true,"href":"https:\/\/lofta-caffe.com\/de\/wp-json\/wp\/v2\/tags?post=1156"}],"curies":[{"name":"wp","href":"https:\/\/api.w.org\/{rel}","templated":true}]}}