{"id":1217,"date":"2018-09-28T14:09:43","date_gmt":"2018-09-28T13:09:43","guid":{"rendered":"http:\/\/lofta-caffe.com\/?p=1217"},"modified":"2018-09-28T14:14:51","modified_gmt":"2018-09-28T13:14:51","slug":"fotohost-iii-del-2","status":"publish","type":"post","link":"https:\/\/lofta-caffe.com\/de\/fotohost-iii-del-2\/","title":{"rendered":"Fotoh\u00f6st III Teil 2"},"content":{"rendered":"<p>Nathalie Chavez und G\u00f6ran Lundin zeigen ihre Fotografien hier im Lofta Caff\u00e8.<br \/>\nDie Ausstellung dauert bis zum 14. Oktober und von Freitag &#8211; Sonntag zwischen 11.00-16.00 Uhr ge\u00f6ffnet.<br \/>\nWillkommen!!!<br \/>\n<a href=\"http:\/\/lofta-caffe.com\/wp-content\/uploads\/2018\/09\/204-12.jpg\"><img loading=\"lazy\" decoding=\"async\" class=\"alignleft size-medium wp-image-1220\" src=\"http:\/\/lofta-caffe.com\/wp-content\/uploads\/2018\/09\/204-12-300x200.jpg\" alt=\"204 (1)2\" width=\"300\" height=\"200\" srcset=\"https:\/\/lofta-caffe.com\/wp-content\/uploads\/2018\/09\/204-12-300x200.jpg 300w, https:\/\/lofta-caffe.com\/wp-content\/uploads\/2018\/09\/204-12-1024x683.jpg 1024w, https:\/\/lofta-caffe.com\/wp-content\/uploads\/2018\/09\/204-12-450x300.jpg 450w, https:\/\/lofta-caffe.com\/wp-content\/uploads\/2018\/09\/204-12.jpg 1800w\" sizes=\"auto, (max-width: 300px) 100vw, 300px\" \/><\/a> <a href=\"http:\/\/lofta-caffe.com\/wp-content\/uploads\/2018\/09\/liten_sociala_medier_nathalie.jpg\"><img loading=\"lazy\" decoding=\"async\" class=\"alignleft size-medium wp-image-1219\" src=\"http:\/\/lofta-caffe.com\/wp-content\/uploads\/2018\/09\/liten_sociala_medier_nathalie-300x214.jpg\" alt=\"liten_sociala_medier_nathalie\" width=\"300\" height=\"214\" srcset=\"https:\/\/lofta-caffe.com\/wp-content\/uploads\/2018\/09\/liten_sociala_medier_nathalie-300x214.jpg 300w, https:\/\/lofta-caffe.com\/wp-content\/uploads\/2018\/09\/liten_sociala_medier_nathalie-1024x732.jpg 1024w, https:\/\/lofta-caffe.com\/wp-content\/uploads\/2018\/09\/liten_sociala_medier_nathalie-420x300.jpg 420w, https:\/\/lofta-caffe.com\/wp-content\/uploads\/2018\/09\/liten_sociala_medier_nathalie.jpg 1080w\" sizes=\"auto, (max-width: 300px) 100vw, 300px\" \/><\/a><\/p>","protected":false},"excerpt":{"rendered":"<p>Nathalie Chavez und G\u00f6ran Lundin zeigen ihre Fotografien hier im Lofta Caff\u00e8. Die Ausstellung dauert bis zum 14. Oktober und von Freitag &#8211; Sonntag zwischen 11.00-16.00 Uhr ge\u00f6ffnet. Willkommen!!!<\/p>\n","protected":false},"author":1,"featured_media":0,"comment_status":"closed","ping_status":"open","sticky":false,"template":"","format":"standard","meta":{"ngg_post_thumbnail":0,"footnotes":""},"categories":[1],"tags":[],"class_list":["post-1217","post","type-post","status-publish","format-standard","hentry","category-uncategorized"],"_links":{"self":[{"href":"https:\/\/lofta-caffe.com\/de\/wp-json\/wp\/v2\/posts\/1217","targetHints":{"allow":["GET"]}}],"collection":[{"href":"https:\/\/lofta-caffe.com\/de\/wp-json\/wp\/v2\/posts"}],"about":[{"href":"https:\/\/lofta-caffe.com\/de\/wp-json\/wp\/v2\/types\/post"}],"author":[{"embeddable":true,"href":"https:\/\/lofta-caffe.com\/de\/wp-json\/wp\/v2\/users\/1"}],"replies":[{"embeddable":true,"href":"https:\/\/lofta-caffe.com\/de\/wp-json\/wp\/v2\/comments?post=1217"}],"version-history":[{"count":4,"href":"https:\/\/lofta-caffe.com\/de\/wp-json\/wp\/v2\/posts\/1217\/revisions"}],"predecessor-version":[{"id":1223,"href":"https:\/\/lofta-caffe.com\/de\/wp-json\/wp\/v2\/posts\/1217\/revisions\/1223"}],"wp:attachment":[{"href":"https:\/\/lofta-caffe.com\/de\/wp-json\/wp\/v2\/media?parent=1217"}],"wp:term":[{"taxonomy":"category","embeddable":true,"href":"https:\/\/lofta-caffe.com\/de\/wp-json\/wp\/v2\/categories?post=1217"},{"taxonomy":"post_tag","embeddable":true,"href":"https:\/\/lofta-caffe.com\/de\/wp-json\/wp\/v2\/tags?post=1217"}],"curies":[{"name":"wp","href":"https:\/\/api.w.org\/{rel}","templated":true}]}}