{"id":1635,"date":"2020-10-20T15:41:33","date_gmt":"2020-10-20T14:41:33","guid":{"rendered":"http:\/\/lofta-caffe.com\/?p=1635"},"modified":"2020-10-20T15:43:31","modified_gmt":"2020-10-20T14:43:31","slug":"vernissage-emelie-klockaras","status":"publish","type":"post","link":"https:\/\/lofta-caffe.com\/de\/vernissage-emelie-klockaras\/","title":{"rendered":"Vernissage Emelie Klockar\u00e5s"},"content":{"rendered":"<p>Samstag 24. Oktober 12.00 &#8211; 15.00<br \/>\n<span class=\"d2edcug0 hpfvmrgz qv66sw1b c1et5uql oi732d6d ik7dh3pa fgxwclzu a8c37x1j keod5gw0 nxhoafnm aigsh9s9 d3f4x2em fe6kdd0r mau55g9w c8b282yb iv3no6db jq4qci2q a3bd9o3v knj5qynh oo9gr5id\" dir=\"auto\">Emelie Klockar\u00e5s visar st\u00e4mmningsfulla akvareller i utst\u00e4llningen p\u00e5 Lofta Caff\u00e8.<br \/>\n&#8222;Ljuset a\u0308r det centrala i mina verk, mer a\u0308n sja\u0308lva motivet i sig. Motiven a\u0308r oftast olika landskapsmiljo\u0308er da\u0308r jag har inspirerats av naturen och intryck jag har sett med en touch av realism och min inre v\u00e4rld.&#8220;<br \/>\nUtst\u00e4llningen p\u00e5g\u00e5r tom 8 nov och \u00e4r \u00f6ppet fre &#8211; s\u00f6n kl 11.00 &#8211; 16.00.<br \/>\nV\u00e4lkommen!!!<\/span><br \/>\n<img loading=\"lazy\" decoding=\"async\" class=\"alignleft size-medium wp-image-1636\" src=\"http:\/\/lofta-caffe.com\/wp-content\/uploads\/2020\/10\/image0-209x300.jpeg\" alt=\"\" width=\"209\" height=\"300\" srcset=\"https:\/\/lofta-caffe.com\/wp-content\/uploads\/2020\/10\/image0-209x300.jpeg 209w, https:\/\/lofta-caffe.com\/wp-content\/uploads\/2020\/10\/image0-768x1104.jpeg 768w, https:\/\/lofta-caffe.com\/wp-content\/uploads\/2020\/10\/image0-712x1024.jpeg 712w\" sizes=\"auto, (max-width: 209px) 100vw, 209px\" \/><\/p>","protected":false},"excerpt":{"rendered":"<p>Samstag 24. Oktober 12.00 &#8211; 15.00 Emelie Klockar\u00e5s visar st\u00e4mmningsfulla akvareller i utst\u00e4llningen p\u00e5 Lofta Caff\u00e8. &#8222;Ljuset a\u0308r det centrala i mina verk, mer a\u0308n sja\u0308lva motivet i sig. Motiven a\u0308r oftast olika landskapsmiljo\u0308er da\u0308r jag har inspirerats av naturen &hellip; <a href=\"https:\/\/lofta-caffe.com\/de\/vernissage-emelie-klockaras\/\">Weiterlesen <span class=\"meta-nav\">&rarr;<\/span><\/a><\/p>\n","protected":false},"author":1,"featured_media":0,"comment_status":"closed","ping_status":"open","sticky":false,"template":"","format":"standard","meta":{"ngg_post_thumbnail":0,"footnotes":""},"categories":[1],"tags":[],"class_list":["post-1635","post","type-post","status-publish","format-standard","hentry","category-uncategorized"],"_links":{"self":[{"href":"https:\/\/lofta-caffe.com\/de\/wp-json\/wp\/v2\/posts\/1635","targetHints":{"allow":["GET"]}}],"collection":[{"href":"https:\/\/lofta-caffe.com\/de\/wp-json\/wp\/v2\/posts"}],"about":[{"href":"https:\/\/lofta-caffe.com\/de\/wp-json\/wp\/v2\/types\/post"}],"author":[{"embeddable":true,"href":"https:\/\/lofta-caffe.com\/de\/wp-json\/wp\/v2\/users\/1"}],"replies":[{"embeddable":true,"href":"https:\/\/lofta-caffe.com\/de\/wp-json\/wp\/v2\/comments?post=1635"}],"version-history":[{"count":3,"href":"https:\/\/lofta-caffe.com\/de\/wp-json\/wp\/v2\/posts\/1635\/revisions"}],"predecessor-version":[{"id":1639,"href":"https:\/\/lofta-caffe.com\/de\/wp-json\/wp\/v2\/posts\/1635\/revisions\/1639"}],"wp:attachment":[{"href":"https:\/\/lofta-caffe.com\/de\/wp-json\/wp\/v2\/media?parent=1635"}],"wp:term":[{"taxonomy":"category","embeddable":true,"href":"https:\/\/lofta-caffe.com\/de\/wp-json\/wp\/v2\/categories?post=1635"},{"taxonomy":"post_tag","embeddable":true,"href":"https:\/\/lofta-caffe.com\/de\/wp-json\/wp\/v2\/tags?post=1635"}],"curies":[{"name":"wp","href":"https:\/\/api.w.org\/{rel}","templated":true}]}}