{"id":1703,"date":"2021-02-20T17:01:41","date_gmt":"2021-02-20T16:01:41","guid":{"rendered":"http:\/\/lofta-caffe.com\/?p=1703"},"modified":"2021-02-20T17:24:13","modified_gmt":"2021-02-20T16:24:13","slug":"konstutstallningar-2021-pa-lofta-caffe","status":"publish","type":"post","link":"https:\/\/lofta-caffe.com\/de\/konstutstallningar-2021-pa-lofta-caffe\/","title":{"rendered":"Kunstausstellungen 2021"},"content":{"rendered":"<p>D\u00e5 \u00e4r vi klara med planeringen f\u00f6r utst\u00e4llningss\u00e4songen 2021.<br \/>\nDet blir ett sp\u00e4nnande konst\u00e5r med m\u00e5nga olika konstn\u00e4rer och genres.<br \/>\nVi hoppas att vi kan genomf\u00f6ra detta s\u00e5 som planerad.<br \/>\nDet ska bli 16 bokade utst\u00e4llningar under 2021. Som \u00e5ren innan kan konstn\u00e4rer<br \/>\nbjuda in en konstn\u00e4rsv\u00e4n om dem vill, detta inneb\u00e4r att det kan bli \u00e4nnu flera<br \/>\nkonstn\u00e4rer som visar sina verk h\u00e4r.<\/p>\n<p>F\u00f6rst ut<strong> 26 mars &#8211; 11 april, \u00e4r Camilla Berg\/Ankarsrum<\/strong> som visar sin m\u00e5leri.<br \/>\n2018 visade Camilla en utst\u00e4llning h\u00e4r, d\u00e5 som \u201ekonstn\u00e4rsv\u00e4n\u201c. \u201eGestaltande<br \/>\nm\u00e5leri med en stor portion fantasi mot en lekfull bakgrund \u00e4r mitt signum. Till<br \/>\ndenna utst\u00e4llning har jag m\u00e5lat en serie stilleben inspirerad av uttrycket;<br \/>\ndet gamla \u00e4r det nya nya.\u201c<br \/>\nInstagram: camilla_berg_art<br \/>\nhttps:\/\/www.facebook.com\/CamillaBergMalningar<\/p>\n<p>Mellan <strong>16 april &#8211; 2 maj kommer Josefin Nordstr\u00f6m Palic\/Blackstad<\/strong> att visa sina<br \/>\nakvarellm\u00e5lningar. \u201eM\u00e5leri, poesi och musik har alltid varit mycket viktig f\u00f6r mig. Sedan en tid har jag valt akvarell som mitt fr\u00e4msta konstn\u00e4rliga uttryck.\u201c<br \/>\nInstagram: josefin.konst<br \/>\nwww.josefinnordstrompalic.se<\/p>\n<p><strong>7 maj &#8211; 23 maj g\u00e4stas vi av Othon G.H. och Ann-Marie Rautenberg\/Blankaholm.<\/strong><br \/>\nGenom \u00e5ren har Ann-Marie arbetat med olika tekniker, men huvudsakligen grafik,<br \/>\nolja och \u00e4ggtempera. P\u00e5 senare tid utg\u00f6rs hennes motiv ofta av \u00e4nglar och<br \/>\nmadonnor som \u00e4r inspirerade av ikonm\u00e5leri.<br \/>\nOthons inspirationen kommer ur sk\u00e4rningspunkten mellan det ur\u00e5ldriga och det<br \/>\nsamtida, d\u00e4r mystiken och den allm\u00e4nm\u00e4nskliga karakt\u00e4ren skymtar.<br \/>\nwww.othongh.com, Instagram: othonghr<br \/>\nhttps:\/\/www.konstikalmarlan.se\/konstnar\/ann-marie-rautenberg\/<\/p>\n<p><strong>28 maj &#8211; 20 juni visar Arne Frifarare\/Stockholm<\/strong>, m\u00e5leri och<br \/>\n<strong>Katarina Frifarare\/Farsta<\/strong>, textil.<br \/>\nHan \u00e4r en m\u00e5larpoet, som fyller bilderna med sin fantasi. I en v\u00e4rld mellan barnets<br \/>\nlek och den vuxnes minnen bygger Arne Frifarare sin privata sf\u00e4r.<br \/>\n\u201eJag intresserar mig f\u00f6r m\u00e4nniskors samvaro, samtidigt som jag f\u00f6r\u00e4lskat f\u00f6rkorvar<br \/>\nmig i de textila hantverkstraditionerna\u201c Katarina Frifarare.<br \/>\nhttps:\/\/www.facebook.com\/arne.frifarare<br \/>\nInstagram: katarinafrifarare<\/p>\n<p><strong>24 juni &#8211; 8 juli finns Jan Wiberg och Lillemor Bokstr\u00f6m\/V\u00e4stervik<\/strong><br \/>\nmed varsin utst\u00e4llning h\u00e4r.<br \/>\n\u201dJag k\u00e4nner mig som en hantverkare som till\u00e5ter mig att g\u00f6ra vad jag vill. \u201d<br \/>\nJan Wiberg<br \/>\n\u201eJag tror det handlar om att f\u00e5nga en st\u00e4mning och att uppn\u00e5 balans mellan<br \/>\nuttryck och estetik p\u00e5 ett sp\u00e4nnande s\u00e4tt.\u201c Lillemor Bokstr\u00f6m.<br \/>\nInstagram: jan.wiberg<\/p>\n<p>Andra sommarperiod <strong>10 juli &#8211; 29 juli kommer Annsofie Jonsson\/Berlin<\/strong> hit.<br \/>\nAnnsofie skulle ha haft utst\u00e4llning 2020, men kunde inte resa hit pag Covid-19, s\u00e5<br \/>\nvi hoppas att kunna se hennes konst i \u00e5r.<br \/>\nHon jobbar n\u00e4stan uteslutande med m\u00e5leri, i mixed media teknik. Akryl, kol,<br \/>\nkollage och posca.<br \/>\nwww.asjonsson.com<\/p>\n<p><strong>Benny Ekman\/V\u00e4stervik<\/strong> \u00e4r en v\u00e4lk\u00e4nd och \u00e5terkommande utst\u00e4llare h\u00e4r. Mellan<br \/>\n<strong>31 <\/strong><strong>juli &#8211; 22 augusti<\/strong> kan man uppleva en ny utst\u00e4llning. \u00c4lgen \u201eAnton den 18 de\u201c som<br \/>\nBenny skapade under v\u00e5ren 2020 har flyttad hit f\u00f6r gott och \u00e4r utomhus att<br \/>\nbesk\u00e5da och detta under hela s\u00e4songen.<br \/>\nhttps:\/\/www.bennyekman.se\/<\/p>\n<p>Det blir <strong>FOTOH\u00d6ST VI mellan 27 augusti &#8211; 3 oktober.<\/strong><br \/>\nEftersom Mona och Stefan Gelebo valde att avsluta som kuratorer har vi best\u00e4mt oss att v\u00e4lja fotografer i \u00e5r.<br \/>\nVi funderar \u00f6ver f\u00f6r\u00e4ndringar i sj\u00e4lva FOTOH\u00d6ST men f\u00f6rst till 2022.<br \/>\nI \u00e5r blir det <strong>Helena Savio\/V\u00e4stervik och Emmi Roosling\/\u00d6land<\/strong> mellan<br \/>\n<strong>27 augusti -12 september.<\/strong> Emmi jobbar med det \u00f6l\u00e4ndska landskapet som utg\u00e5ngspunkt i sitt fotograferande. Horisonterna, sj\u00f6n och de vindpinade tr\u00e4den f\u00e5r ta plats i dialogen mellan naturen, m\u00e4nniskan och dess samexistens.&#8220;<br \/>\n\u201eJag skall producera landskapsbilder fr\u00e5n Hurtigruten och Segersg\u00e4rde, M\u00f6rketid,<br \/>\n\u00e4ntligen!\u201c Helena Savio<br \/>\nwww.helenasavio.se<br \/>\nhttp:\/\/roosling.se\/ Instagram: emmiroosling<\/p>\n<p><strong>17 september &#8211; 3 oktober<\/strong> kommer <strong>Marc Hollenberg\/Loftahammar<\/strong> att visa sina<br \/>\nunderbara landskapsbilder.<br \/>\nhttps:\/\/www.facebook.com\/Marc-hollenberg-Photography-217230154998788\/<\/p>\n<p>N\u00e4st sista utst\u00e4llning blir <strong>Remus Wilson\/V\u00e4xj\u00f6 8 &#8211; 24 oktober.<\/strong><br \/>\nMed en spontanitet och en m\u00e5lmedvetenhet omvandlar Remus livets<br \/>\nf\u00f6runderligheter till konst. Remus \u00e4r inte knuten till n\u00e5gon best\u00e4md teknik, snarare<br \/>\n\u00e4r det v\u00e4l s\u00e5 att ju enklare metod, desto b\u00e4ttre.<\/p>\n<blockquote class=\"wp-embedded-content\" data-secret=\"BaZyv64R6H\"><p><a href=\"https:\/\/remus-wilson.se\/\">remus  anna bo wilson<\/a><\/p><\/blockquote>\n<p><iframe loading=\"lazy\" class=\"wp-embedded-content\" sandbox=\"allow-scripts\" security=\"restricted\" style=\"position: absolute; clip: rect(1px, 1px, 1px, 1px);\" title=\"&#8221;remus  anna bo wilson&#8221; &#8212; REMUS WILSON KONSTN\u00c4R\" src=\"https:\/\/remus-wilson.se\/embed\/#?secret=BaZyv64R6H\" data-secret=\"BaZyv64R6H\" width=\"584\" height=\"329\" frameborder=\"0\" marginwidth=\"0\" marginheight=\"0\" scrolling=\"no\"><\/iframe><\/p>\n<p>Avslutningsutst\u00e4llning h\u00e5ller <strong>Ann Catrine Stalebrant<\/strong> med barnbarnet <strong>Alva<\/strong><br \/>\n<strong>Stalebrant\/V\u00e4stervik den 29 oktober -14 november.<\/strong><br \/>\n\u201eUnder \u00e5rens lopp har jag arbetat med olika sorters konsthantverk, b\u00e5de privat och<br \/>\ni yrket. D\u00e4rutav tycker jag om att experimentera med kombinationer av tekniker<br \/>\noch material och jag blandar ofta fritt i ett objekt. Textil, screentryck, m\u00e5leri,<br \/>\nmetallv\u00e4v etc. Naturens o\u00e4ndliga v\u00e4rld fascinerar mig, b\u00e5de i stort och sm\u00e5tt och<br \/>\nger mig inspiration.\u201c Ann Catrine<br \/>\nAlva (17 \u00e5r) skapar i blandade tekniker och stilar, mestadels abstrakt.<br \/>\nInstagram: acs.konst och alvast_art<\/p>\n","protected":false},"excerpt":{"rendered":"<p>D\u00e5 \u00e4r vi klara med planeringen f\u00f6r utst\u00e4llningss\u00e4songen 2021. Det blir ett sp\u00e4nnande konst\u00e5r med m\u00e5nga olika konstn\u00e4rer och genres. Vi hoppas att vi kan genomf\u00f6ra detta s\u00e5 som planerad. Det ska bli 16 bokade utst\u00e4llningar under 2021. Som \u00e5ren &hellip; <a href=\"https:\/\/lofta-caffe.com\/de\/konstutstallningar-2021-pa-lofta-caffe\/\">Weiterlesen <span class=\"meta-nav\">&rarr;<\/span><\/a><\/p>\n","protected":false},"author":1,"featured_media":0,"comment_status":"closed","ping_status":"open","sticky":false,"template":"","format":"standard","meta":{"ngg_post_thumbnail":0,"footnotes":""},"categories":[1],"tags":[],"class_list":["post-1703","post","type-post","status-publish","format-standard","hentry","category-uncategorized"],"_links":{"self":[{"href":"https:\/\/lofta-caffe.com\/de\/wp-json\/wp\/v2\/posts\/1703","targetHints":{"allow":["GET"]}}],"collection":[{"href":"https:\/\/lofta-caffe.com\/de\/wp-json\/wp\/v2\/posts"}],"about":[{"href":"https:\/\/lofta-caffe.com\/de\/wp-json\/wp\/v2\/types\/post"}],"author":[{"embeddable":true,"href":"https:\/\/lofta-caffe.com\/de\/wp-json\/wp\/v2\/users\/1"}],"replies":[{"embeddable":true,"href":"https:\/\/lofta-caffe.com\/de\/wp-json\/wp\/v2\/comments?post=1703"}],"version-history":[{"count":6,"href":"https:\/\/lofta-caffe.com\/de\/wp-json\/wp\/v2\/posts\/1703\/revisions"}],"predecessor-version":[{"id":1709,"href":"https:\/\/lofta-caffe.com\/de\/wp-json\/wp\/v2\/posts\/1703\/revisions\/1709"}],"wp:attachment":[{"href":"https:\/\/lofta-caffe.com\/de\/wp-json\/wp\/v2\/media?parent=1703"}],"wp:term":[{"taxonomy":"category","embeddable":true,"href":"https:\/\/lofta-caffe.com\/de\/wp-json\/wp\/v2\/categories?post=1703"},{"taxonomy":"post_tag","embeddable":true,"href":"https:\/\/lofta-caffe.com\/de\/wp-json\/wp\/v2\/tags?post=1703"}],"curies":[{"name":"wp","href":"https:\/\/api.w.org\/{rel}","templated":true}]}}