{"id":1804,"date":"2021-07-09T15:45:14","date_gmt":"2021-07-09T14:45:14","guid":{"rendered":"http:\/\/lofta-caffe.com\/?p=1804"},"modified":"2021-07-09T15:48:51","modified_gmt":"2021-07-09T14:48:51","slug":"konstutstallning-ove-megin","status":"publish","type":"post","link":"https:\/\/lofta-caffe.com\/de\/konstutstallning-ove-megin\/","title":{"rendered":"Kunstausstellung Ove Megin"},"content":{"rendered":"<p>Wir zeigen Skizzen, Zeichnungen und zw\u00f6lf kleine Akvarelle des 2016 verstorbenen K\u00fcnstlers Ove Megin.<br \/>\nDie Ausstellung ist bis zum 15. Juli t\u00e4glich zwischen 11.00 und 18.00 Uhr ge\u00f6ffnet.<br \/>\nGleichzeitig ist im &#8222;Nya L\u00e4ngen&#8220; von Lore Nynnell eine Ausstellung mit Oves grossen Gem\u00e4lden zu besuchen.<br \/>\nWillkommen!!!<br \/>\n<img loading=\"lazy\" decoding=\"async\" class=\"alignleft size-medium wp-image-1806\" src=\"http:\/\/lofta-caffe.com\/wp-content\/uploads\/2021\/07\/ove-2-300x155.jpg\" alt=\"\" width=\"300\" height=\"155\" srcset=\"https:\/\/lofta-caffe.com\/wp-content\/uploads\/2021\/07\/ove-2-300x155.jpg 300w, https:\/\/lofta-caffe.com\/wp-content\/uploads\/2021\/07\/ove-2-768x398.jpg 768w, https:\/\/lofta-caffe.com\/wp-content\/uploads\/2021\/07\/ove-2-1024x530.jpg 1024w, https:\/\/lofta-caffe.com\/wp-content\/uploads\/2021\/07\/ove-2-500x259.jpg 500w, https:\/\/lofta-caffe.com\/wp-content\/uploads\/2021\/07\/ove-2.jpg 2048w\" sizes=\"auto, (max-width: 300px) 100vw, 300px\" \/> <img loading=\"lazy\" decoding=\"async\" class=\"alignleft size-medium wp-image-1805\" src=\"http:\/\/lofta-caffe.com\/wp-content\/uploads\/2021\/07\/ove-1-300x200.jpg\" alt=\"\" width=\"300\" height=\"200\" srcset=\"https:\/\/lofta-caffe.com\/wp-content\/uploads\/2021\/07\/ove-1-300x200.jpg 300w, https:\/\/lofta-caffe.com\/wp-content\/uploads\/2021\/07\/ove-1-768x512.jpg 768w, https:\/\/lofta-caffe.com\/wp-content\/uploads\/2021\/07\/ove-1-1024x683.jpg 1024w, https:\/\/lofta-caffe.com\/wp-content\/uploads\/2021\/07\/ove-1-450x300.jpg 450w, https:\/\/lofta-caffe.com\/wp-content\/uploads\/2021\/07\/ove-1.jpg 2048w\" sizes=\"auto, (max-width: 300px) 100vw, 300px\" \/><\/p>","protected":false},"excerpt":{"rendered":"<p>Wir zeigen Skizzen, Zeichnungen und zw\u00f6lf kleine Akvarelle des 2016 verstorbenen K\u00fcnstlers Ove Megin. Die Ausstellung ist bis zum 15. Juli t\u00e4glich zwischen 11.00 und 18.00 Uhr ge\u00f6ffnet. Gleichzeitig ist im &#8222;Nya L\u00e4ngen&#8220; von Lore Nynnell eine Ausstellung mit Oves &hellip; <a href=\"https:\/\/lofta-caffe.com\/de\/konstutstallning-ove-megin\/\">Weiterlesen <span class=\"meta-nav\">&rarr;<\/span><\/a><\/p>\n","protected":false},"author":1,"featured_media":0,"comment_status":"closed","ping_status":"open","sticky":false,"template":"","format":"standard","meta":{"ngg_post_thumbnail":0,"footnotes":""},"categories":[1],"tags":[],"class_list":["post-1804","post","type-post","status-publish","format-standard","hentry","category-uncategorized"],"_links":{"self":[{"href":"https:\/\/lofta-caffe.com\/de\/wp-json\/wp\/v2\/posts\/1804","targetHints":{"allow":["GET"]}}],"collection":[{"href":"https:\/\/lofta-caffe.com\/de\/wp-json\/wp\/v2\/posts"}],"about":[{"href":"https:\/\/lofta-caffe.com\/de\/wp-json\/wp\/v2\/types\/post"}],"author":[{"embeddable":true,"href":"https:\/\/lofta-caffe.com\/de\/wp-json\/wp\/v2\/users\/1"}],"replies":[{"embeddable":true,"href":"https:\/\/lofta-caffe.com\/de\/wp-json\/wp\/v2\/comments?post=1804"}],"version-history":[{"count":2,"href":"https:\/\/lofta-caffe.com\/de\/wp-json\/wp\/v2\/posts\/1804\/revisions"}],"predecessor-version":[{"id":1808,"href":"https:\/\/lofta-caffe.com\/de\/wp-json\/wp\/v2\/posts\/1804\/revisions\/1808"}],"wp:attachment":[{"href":"https:\/\/lofta-caffe.com\/de\/wp-json\/wp\/v2\/media?parent=1804"}],"wp:term":[{"taxonomy":"category","embeddable":true,"href":"https:\/\/lofta-caffe.com\/de\/wp-json\/wp\/v2\/categories?post=1804"},{"taxonomy":"post_tag","embeddable":true,"href":"https:\/\/lofta-caffe.com\/de\/wp-json\/wp\/v2\/tags?post=1804"}],"curies":[{"name":"wp","href":"https:\/\/api.w.org\/{rel}","templated":true}]}}