{"id":586,"date":"2015-06-11T20:59:13","date_gmt":"2015-06-11T19:59:13","guid":{"rendered":"http:\/\/lofta-caffe.com\/?p=586"},"modified":"2015-06-11T21:03:19","modified_gmt":"2015-06-11T20:03:19","slug":"hittegods","status":"publish","type":"post","link":"https:\/\/lofta-caffe.com\/de\/hittegods\/","title":{"rendered":"HITTEGODS"},"content":{"rendered":"<p>So heisst die neue Ausstellung von Ulrike R\u00f6gner-Fahrendorf. Sie zeigt Objekte und Malerei. Die Ausstellung ist t\u00e4glich zwischen 12.00-18.00 Uhr ge\u00f6ffnet und das bis zum 2Juli.<br \/>\nHerzlich Willkommen!<\/p>\n<p><a href=\"http:\/\/lofta-caffe.com\/wp-content\/uploads\/2015\/06\/ulrike-2.jpg\"><img loading=\"lazy\" decoding=\"async\" class=\"alignleft size-medium wp-image-587\" src=\"http:\/\/lofta-caffe.com\/wp-content\/uploads\/2015\/06\/ulrike-2-300x300.jpg\" alt=\"ulrike-2\" width=\"300\" height=\"300\" srcset=\"https:\/\/lofta-caffe.com\/wp-content\/uploads\/2015\/06\/ulrike-2-300x300.jpg 300w, https:\/\/lofta-caffe.com\/wp-content\/uploads\/2015\/06\/ulrike-2-150x150.jpg 150w, https:\/\/lofta-caffe.com\/wp-content\/uploads\/2015\/06\/ulrike-2-1024x1024.jpg 1024w\" sizes=\"auto, (max-width: 300px) 100vw, 300px\" \/><\/a><a href=\"http:\/\/lofta-caffe.com\/wp-content\/uploads\/2015\/06\/ulrike-3.jpg\"><img loading=\"lazy\" decoding=\"async\" class=\"alignleft size-medium wp-image-588\" src=\"http:\/\/lofta-caffe.com\/wp-content\/uploads\/2015\/06\/ulrike-3-300x298.jpg\" alt=\"ulrike-3\" width=\"300\" height=\"298\" srcset=\"https:\/\/lofta-caffe.com\/wp-content\/uploads\/2015\/06\/ulrike-3-300x298.jpg 300w, https:\/\/lofta-caffe.com\/wp-content\/uploads\/2015\/06\/ulrike-3-150x150.jpg 150w, https:\/\/lofta-caffe.com\/wp-content\/uploads\/2015\/06\/ulrike-3-1024x1016.jpg 1024w, https:\/\/lofta-caffe.com\/wp-content\/uploads\/2015\/06\/ulrike-3-302x300.jpg 302w, https:\/\/lofta-caffe.com\/wp-content\/uploads\/2015\/06\/ulrike-3.jpg 1858w\" sizes=\"auto, (max-width: 300px) 100vw, 300px\" \/><\/a><\/p>\n<p>&nbsp;<\/p>","protected":false},"excerpt":{"rendered":"<p>So heisst die neue Ausstellung von Ulrike R\u00f6gner-Fahrendorf. Sie zeigt Objekte und Malerei. Die Ausstellung ist t\u00e4glich zwischen 12.00-18.00 Uhr ge\u00f6ffnet und das bis zum 2Juli. Herzlich Willkommen! &nbsp;<\/p>\n","protected":false},"author":1,"featured_media":0,"comment_status":"closed","ping_status":"open","sticky":false,"template":"","format":"standard","meta":{"ngg_post_thumbnail":0,"footnotes":""},"categories":[1],"tags":[],"class_list":["post-586","post","type-post","status-publish","format-standard","hentry","category-uncategorized"],"_links":{"self":[{"href":"https:\/\/lofta-caffe.com\/de\/wp-json\/wp\/v2\/posts\/586","targetHints":{"allow":["GET"]}}],"collection":[{"href":"https:\/\/lofta-caffe.com\/de\/wp-json\/wp\/v2\/posts"}],"about":[{"href":"https:\/\/lofta-caffe.com\/de\/wp-json\/wp\/v2\/types\/post"}],"author":[{"embeddable":true,"href":"https:\/\/lofta-caffe.com\/de\/wp-json\/wp\/v2\/users\/1"}],"replies":[{"embeddable":true,"href":"https:\/\/lofta-caffe.com\/de\/wp-json\/wp\/v2\/comments?post=586"}],"version-history":[{"count":2,"href":"https:\/\/lofta-caffe.com\/de\/wp-json\/wp\/v2\/posts\/586\/revisions"}],"predecessor-version":[{"id":590,"href":"https:\/\/lofta-caffe.com\/de\/wp-json\/wp\/v2\/posts\/586\/revisions\/590"}],"wp:attachment":[{"href":"https:\/\/lofta-caffe.com\/de\/wp-json\/wp\/v2\/media?parent=586"}],"wp:term":[{"taxonomy":"category","embeddable":true,"href":"https:\/\/lofta-caffe.com\/de\/wp-json\/wp\/v2\/categories?post=586"},{"taxonomy":"post_tag","embeddable":true,"href":"https:\/\/lofta-caffe.com\/de\/wp-json\/wp\/v2\/tags?post=586"}],"curies":[{"name":"wp","href":"https:\/\/api.w.org\/{rel}","templated":true}]}}