{"id":599,"date":"2015-07-03T15:09:55","date_gmt":"2015-07-03T14:09:55","guid":{"rendered":"http:\/\/lofta-caffe.com\/?p=599"},"modified":"2015-07-03T15:14:27","modified_gmt":"2015-07-03T14:14:27","slug":"maleriutstallning-ove-megin","status":"publish","type":"post","link":"https:\/\/lofta-caffe.com\/de\/maleriutstallning-ove-megin\/","title":{"rendered":"&#8222;M\u00e5leriutst\u00e4llning&#8220; Ove Megin"},"content":{"rendered":"<p>Zwischen dem 3. Juli und dem 30. Juli zeigen wir 14 Werke von Ove Megin.<br \/>\nSeine &#8222;M\u00e5leriutst\u00e4llning&#8220; ist t\u00e4glich zwischen 12.00-18.00 Uhr ge\u00f6ffnet.<br \/>\nHerzlich Willkommen!<\/p>\n<p><a href=\"http:\/\/lofta-caffe.com\/wp-content\/uploads\/2015\/07\/ove-hems-1.jpeg\"><img loading=\"lazy\" decoding=\"async\" class=\"alignleft size-medium wp-image-600\" src=\"http:\/\/lofta-caffe.com\/wp-content\/uploads\/2015\/07\/ove-hems-1-263x300.jpeg\" alt=\"ove hems 1\" width=\"263\" height=\"300\" srcset=\"https:\/\/lofta-caffe.com\/wp-content\/uploads\/2015\/07\/ove-hems-1-263x300.jpeg 263w, https:\/\/lofta-caffe.com\/wp-content\/uploads\/2015\/07\/ove-hems-1.jpeg 480w\" sizes=\"auto, (max-width: 263px) 100vw, 263px\" \/><\/a><a href=\"http:\/\/lofta-caffe.com\/wp-content\/uploads\/2015\/07\/ove-hemsida-2.jpeg\"><img loading=\"lazy\" decoding=\"async\" class=\"alignleft size-medium wp-image-601\" src=\"http:\/\/lofta-caffe.com\/wp-content\/uploads\/2015\/07\/ove-hemsida-2-300x253.jpeg\" alt=\"ove hemsida 2\" width=\"300\" height=\"253\" srcset=\"https:\/\/lofta-caffe.com\/wp-content\/uploads\/2015\/07\/ove-hemsida-2-300x253.jpeg 300w, https:\/\/lofta-caffe.com\/wp-content\/uploads\/2015\/07\/ove-hemsida-2-356x300.jpeg 356w, https:\/\/lofta-caffe.com\/wp-content\/uploads\/2015\/07\/ove-hemsida-2.jpeg 570w\" sizes=\"auto, (max-width: 300px) 100vw, 300px\" \/><\/a><\/p>","protected":false},"excerpt":{"rendered":"<p>Zwischen dem 3. Juli und dem 30. Juli zeigen wir 14 Werke von Ove Megin. Seine &#8222;M\u00e5leriutst\u00e4llning&#8220; ist t\u00e4glich zwischen 12.00-18.00 Uhr ge\u00f6ffnet. Herzlich Willkommen!<\/p>\n","protected":false},"author":1,"featured_media":0,"comment_status":"closed","ping_status":"open","sticky":false,"template":"","format":"standard","meta":{"ngg_post_thumbnail":0,"footnotes":""},"categories":[1],"tags":[],"class_list":["post-599","post","type-post","status-publish","format-standard","hentry","category-uncategorized"],"_links":{"self":[{"href":"https:\/\/lofta-caffe.com\/de\/wp-json\/wp\/v2\/posts\/599","targetHints":{"allow":["GET"]}}],"collection":[{"href":"https:\/\/lofta-caffe.com\/de\/wp-json\/wp\/v2\/posts"}],"about":[{"href":"https:\/\/lofta-caffe.com\/de\/wp-json\/wp\/v2\/types\/post"}],"author":[{"embeddable":true,"href":"https:\/\/lofta-caffe.com\/de\/wp-json\/wp\/v2\/users\/1"}],"replies":[{"embeddable":true,"href":"https:\/\/lofta-caffe.com\/de\/wp-json\/wp\/v2\/comments?post=599"}],"version-history":[{"count":3,"href":"https:\/\/lofta-caffe.com\/de\/wp-json\/wp\/v2\/posts\/599\/revisions"}],"predecessor-version":[{"id":604,"href":"https:\/\/lofta-caffe.com\/de\/wp-json\/wp\/v2\/posts\/599\/revisions\/604"}],"wp:attachment":[{"href":"https:\/\/lofta-caffe.com\/de\/wp-json\/wp\/v2\/media?parent=599"}],"wp:term":[{"taxonomy":"category","embeddable":true,"href":"https:\/\/lofta-caffe.com\/de\/wp-json\/wp\/v2\/categories?post=599"},{"taxonomy":"post_tag","embeddable":true,"href":"https:\/\/lofta-caffe.com\/de\/wp-json\/wp\/v2\/tags?post=599"}],"curies":[{"name":"wp","href":"https:\/\/api.w.org\/{rel}","templated":true}]}}