{"id":672,"date":"2016-03-12T08:36:18","date_gmt":"2016-03-12T07:36:18","guid":{"rendered":"http:\/\/lofta-caffe.com\/?p=672"},"modified":"2016-04-27T17:36:41","modified_gmt":"2016-04-27T16:36:41","slug":"utstallningar-2016","status":"publish","type":"post","link":"https:\/\/lofta-caffe.com\/de\/utstallningar-2016\/","title":{"rendered":"Ausstellungen 2016"},"content":{"rendered":"<p><strong>25 mars &#8211; 1 maj:<\/strong><\/p>\n<p>st\u00e4ller Ermias Ekube\/V\u00e4stervik ut och det blir m\u00e5leri\u00a0 www.ekubeart.se<\/p>\n<p><strong>6 maj &#8211; 12 juni:<\/strong><\/p>\n<p>\u00e4r det Vivianne Persson\/Helgen\u00e4s som visar grafik och m\u00e5leri<\/p>\n<p><strong>17 juni &#8211; 7 juli:\u00a0<\/strong><\/p>\n<p>kommer Stephen Conroy(aka Virgil Caine)\/Lofta hit med sina foton i v\u00e5tpl\u00e5tteknik, en teknik ifr\u00e5n 1850-talet.<\/p>\n<p><strong>8 juli &#8211; 28 juli:<\/strong><\/p>\n<p>visar Ove Megin\/Odensvi sina stora akrylm\u00e5lningar\u00a0 www.megin.net<\/p>\n<p><strong>29 juli &#8211; 28 aug:\u00a0<\/strong><\/p>\n<p>blir det Benny Ekmans\/V\u00e4stervik f\u00e4rgglada tavlor www.bennyekman.se<\/p>\n<p><strong>2 sept &#8211; 23 okt:<\/strong><\/p>\n<p>\u00e4r det <strong>\u201dFotoh\u00f6st\u201d<\/strong> f\u00f6r f\u00f6rsta g\u00e5ngen p\u00e5 Lofta Caff\u00e8;<br \/>\ndetta inneb\u00e4r att fotograferna Mona och Stefan Gelebo ansvarar f\u00f6r programmet.<br \/>\nDet blir en utst\u00e4llning av fotografen Niklas Storm och andra utst\u00e4llningen visar foton av Tomas Jonsson.<\/p>\n<p><strong>29 okt &#8211; 20 nov:\u00a0<\/strong><\/p>\n<p>st\u00e4ller Tim Vauger \/J\u00f6nk\u00f6ping ut och det blir m\u00e5leri www.timvauger.com\/<\/p>\n<p><strong>26 nov &#8211; 18 dec:\u00a0<\/strong><\/p>\n<p>\u00e4r Hannah Delvert Gamleby\/G\u00f6teborg h\u00e4r och st\u00e4ller ut sina m\u00e5lningar<\/p>\n<p><a href=\"http:\/\/lofta-caffe.com\/wp-content\/uploads\/2016\/03\/konst-1.jpeg\"><img loading=\"lazy\" decoding=\"async\" class=\"alignleft size-medium wp-image-673\" src=\"http:\/\/lofta-caffe.com\/wp-content\/uploads\/2016\/03\/konst-1-300x221.jpeg\" alt=\"konst 1\" width=\"300\" height=\"221\" srcset=\"https:\/\/lofta-caffe.com\/wp-content\/uploads\/2016\/03\/konst-1-300x221.jpeg 300w, https:\/\/lofta-caffe.com\/wp-content\/uploads\/2016\/03\/konst-1-408x300.jpeg 408w, https:\/\/lofta-caffe.com\/wp-content\/uploads\/2016\/03\/konst-1.jpeg 640w\" sizes=\"auto, (max-width: 300px) 100vw, 300px\" \/><\/a><\/p>\n","protected":false},"excerpt":{"rendered":"<p>25 mars &#8211; 1 maj: st\u00e4ller Ermias Ekube\/V\u00e4stervik ut och det blir m\u00e5leri\u00a0 www.ekubeart.se 6 maj &#8211; 12 juni: \u00e4r det Vivianne Persson\/Helgen\u00e4s som visar grafik och m\u00e5leri 17 juni &#8211; 7 juli:\u00a0 kommer Stephen Conroy(aka Virgil Caine)\/Lofta hit med &hellip; <a href=\"https:\/\/lofta-caffe.com\/de\/utstallningar-2016\/\">Weiterlesen <span class=\"meta-nav\">&rarr;<\/span><\/a><\/p>\n","protected":false},"author":1,"featured_media":0,"comment_status":"closed","ping_status":"open","sticky":false,"template":"","format":"standard","meta":{"ngg_post_thumbnail":0,"footnotes":""},"categories":[1],"tags":[],"class_list":["post-672","post","type-post","status-publish","format-standard","hentry","category-uncategorized"],"_links":{"self":[{"href":"https:\/\/lofta-caffe.com\/de\/wp-json\/wp\/v2\/posts\/672","targetHints":{"allow":["GET"]}}],"collection":[{"href":"https:\/\/lofta-caffe.com\/de\/wp-json\/wp\/v2\/posts"}],"about":[{"href":"https:\/\/lofta-caffe.com\/de\/wp-json\/wp\/v2\/types\/post"}],"author":[{"embeddable":true,"href":"https:\/\/lofta-caffe.com\/de\/wp-json\/wp\/v2\/users\/1"}],"replies":[{"embeddable":true,"href":"https:\/\/lofta-caffe.com\/de\/wp-json\/wp\/v2\/comments?post=672"}],"version-history":[{"count":4,"href":"https:\/\/lofta-caffe.com\/de\/wp-json\/wp\/v2\/posts\/672\/revisions"}],"predecessor-version":[{"id":686,"href":"https:\/\/lofta-caffe.com\/de\/wp-json\/wp\/v2\/posts\/672\/revisions\/686"}],"wp:attachment":[{"href":"https:\/\/lofta-caffe.com\/de\/wp-json\/wp\/v2\/media?parent=672"}],"wp:term":[{"taxonomy":"category","embeddable":true,"href":"https:\/\/lofta-caffe.com\/de\/wp-json\/wp\/v2\/categories?post=672"},{"taxonomy":"post_tag","embeddable":true,"href":"https:\/\/lofta-caffe.com\/de\/wp-json\/wp\/v2\/tags?post=672"}],"curies":[{"name":"wp","href":"https:\/\/api.w.org\/{rel}","templated":true}]}}